{"id":881,"date":"2016-01-17T14:32:48","date_gmt":"2016-01-17T12:32:48","guid":{"rendered":"http:\/\/wirzuzweit.de\/blog\/?p=881"},"modified":"2017-08-14T16:13:32","modified_gmt":"2017-08-14T14:13:32","slug":"orkan-und-regen","status":"publish","type":"post","link":"https:\/\/wirzuzweit.de\/blog\/881_orkan-und-regen","title":{"rendered":"Orkan und Regen auf Amrum"},"content":{"rendered":"<p>Das hatte zumindest der Wetterbericht f\u00fcr den Freitag vorausgesagt. Wir stellten uns auf einen Tag in unserer Ferienwohnung ein. Als dann aber vom Regen nicht wirklich viel zu sehen war und sich stattdessen immer mehr die Sonne blicken lies, sind wir nach Nebel gefahren. Bei perfekten Licht sind ein paar sch\u00f6ne Aufnahmen von unseren geliebten Reetdachh\u00e4usern und den teils \u00fcberschwemmten Salzwiesen entstanden. <!--more--><\/p>\n<p>So sieht also ein Regen- und Sturmtag auf Amrum aus. Gibt schlimmeres \ud83d\ude42<\/p>\n<p><a href=\"https:\/\/wirzuzweit.de\/blog\/wordpress\/wp-content\/uploads\/2015\/12\/IMG_1079-e1453033379874.jpg\" rel=\"attachment wp-att-936\"><img loading=\"lazy\" decoding=\"async\" class=\"aligncenter size-large wp-image-936\" src=\"https:\/\/wirzuzweit.de\/blog\/wordpress\/wp-content\/uploads\/2015\/12\/IMG_1079-1024x768.jpg\" alt=\"Nebel\" width=\"584\" height=\"438\" \/><\/a><\/p>\n<p><a href=\"https:\/\/wirzuzweit.de\/blog\/wordpress\/wp-content\/uploads\/2015\/12\/IMG_1080-e1453033406508.jpg\" rel=\"attachment wp-att-937\"><img loading=\"lazy\" decoding=\"async\" class=\"aligncenter size-large wp-image-937\" src=\"https:\/\/wirzuzweit.de\/blog\/wordpress\/wp-content\/uploads\/2015\/12\/IMG_1080-1024x768.jpg\" alt=\"Nebel\" width=\"584\" height=\"438\" \/><\/a><\/p>\n<p><a href=\"https:\/\/wirzuzweit.de\/blog\/wordpress\/wp-content\/uploads\/2015\/12\/IMG_1077-e1453033457926.jpg\" rel=\"attachment wp-att-941\"><img loading=\"lazy\" decoding=\"async\" class=\"aligncenter size-large wp-image-941\" src=\"https:\/\/wirzuzweit.de\/blog\/wordpress\/wp-content\/uploads\/2015\/12\/IMG_1077-1024x768.jpg\" alt=\"Nebel\" width=\"584\" height=\"438\" \/><\/a><\/p>\n<p><a href=\"https:\/\/wirzuzweit.de\/blog\/wordpress\/wp-content\/uploads\/2015\/12\/IMG_1076-e1453033482942.jpg\" rel=\"attachment wp-att-940\"><img loading=\"lazy\" decoding=\"async\" class=\"aligncenter size-large wp-image-940\" src=\"https:\/\/wirzuzweit.de\/blog\/wordpress\/wp-content\/uploads\/2015\/12\/IMG_1076-1024x768.jpg\" alt=\"Nebel\" width=\"584\" height=\"438\" \/><\/a><\/p>\n<p><a href=\"https:\/\/wirzuzweit.de\/blog\/wordpress\/wp-content\/uploads\/2015\/12\/IMG_1074-e1453033514687.jpg\" rel=\"attachment wp-att-938\"><img loading=\"lazy\" decoding=\"async\" class=\"aligncenter size-large wp-image-938\" src=\"https:\/\/wirzuzweit.de\/blog\/wordpress\/wp-content\/uploads\/2015\/12\/IMG_1074-1024x768.jpg\" alt=\"Nebel\" width=\"584\" height=\"438\" \/><\/a><\/p>\n<p><a href=\"https:\/\/wirzuzweit.de\/blog\/wordpress\/wp-content\/uploads\/2015\/12\/IMG_1084-e1453033698244.jpg\" rel=\"attachment wp-att-943\"><img loading=\"lazy\" decoding=\"async\" class=\"aligncenter size-large wp-image-943\" src=\"https:\/\/wirzuzweit.de\/blog\/wordpress\/wp-content\/uploads\/2015\/12\/IMG_1084-1024x768.jpg\" alt=\"Nebel\" width=\"584\" height=\"438\" \/><\/a><\/p>\n<p><a href=\"https:\/\/wirzuzweit.de\/blog\/wordpress\/wp-content\/uploads\/2015\/12\/IMG_1082-e1453033731969.jpg\" rel=\"attachment wp-att-944\"><img loading=\"lazy\" decoding=\"async\" class=\"aligncenter size-large wp-image-944\" src=\"https:\/\/wirzuzweit.de\/blog\/wordpress\/wp-content\/uploads\/2015\/12\/IMG_1082-1024x768.jpg\" alt=\"Nebel\" width=\"584\" height=\"438\" \/><\/a><\/p>\n<p><a href=\"https:\/\/wirzuzweit.de\/blog\/wordpress\/wp-content\/uploads\/2015\/12\/IMG_1088-e1453033757423.jpg\" rel=\"attachment wp-att-945\"><img loading=\"lazy\" decoding=\"async\" class=\"aligncenter size-large wp-image-945\" src=\"https:\/\/wirzuzweit.de\/blog\/wordpress\/wp-content\/uploads\/2015\/12\/IMG_1088-1024x768.jpg\" alt=\"Nebel\" width=\"584\" height=\"438\" \/><\/a><\/p>\n<p><a href=\"https:\/\/wirzuzweit.de\/blog\/wordpress\/wp-content\/uploads\/2015\/12\/IMG_1115-e1453033780209.jpg\" rel=\"attachment wp-att-942\"><img loading=\"lazy\" decoding=\"async\" class=\"aligncenter size-large wp-image-942\" src=\"https:\/\/wirzuzweit.de\/blog\/wordpress\/wp-content\/uploads\/2015\/12\/IMG_1115-1024x768.jpg\" alt=\"Nebel\" width=\"584\" height=\"438\" \/><\/a><\/p>\n<p><a href=\"https:\/\/wirzuzweit.de\/blog\/wordpress\/wp-content\/uploads\/2015\/12\/IMG_1090-e1453033804778.jpg\" rel=\"attachment wp-att-946\"><img loading=\"lazy\" decoding=\"async\" class=\"aligncenter size-large wp-image-946\" src=\"https:\/\/wirzuzweit.de\/blog\/wordpress\/wp-content\/uploads\/2015\/12\/IMG_1090-1024x768.jpg\" alt=\"Nebel\" width=\"584\" height=\"438\" \/><\/a><\/p>\n","protected":false},"excerpt":{"rendered":"<p>Das hatte zumindest der Wetterbericht f\u00fcr den Freitag vorausgesagt. Wir stellten uns auf einen Tag in unserer Ferienwohnung ein. Als dann aber vom Regen nicht wirklich viel zu sehen war und sich stattdessen immer mehr die Sonne blicken lies, sind &hellip; <a href=\"https:\/\/wirzuzweit.de\/blog\/881_orkan-und-regen\">Weiterlesen <span class=\"meta-nav\">&rarr;<\/span><\/a><\/p>\n","protected":false},"author":3,"featured_media":947,"comment_status":"open","ping_status":"open","sticky":false,"template":"","format":"standard","meta":{"footnotes":""},"categories":[4,7],"tags":[11,166,180,182,181],"class_list":["post-881","post","type-post","status-publish","format-standard","has-post-thumbnail","hentry","category-reisefieber","category-wir-zu-zweit","tag-amrum","tag-nebel","tag-nordsee-sturm","tag-reetdach","tag-regen"],"_links":{"self":[{"href":"https:\/\/wirzuzweit.de\/blog\/wp-json\/wp\/v2\/posts\/881","targetHints":{"allow":["GET"]}}],"collection":[{"href":"https:\/\/wirzuzweit.de\/blog\/wp-json\/wp\/v2\/posts"}],"about":[{"href":"https:\/\/wirzuzweit.de\/blog\/wp-json\/wp\/v2\/types\/post"}],"author":[{"embeddable":true,"href":"https:\/\/wirzuzweit.de\/blog\/wp-json\/wp\/v2\/users\/3"}],"replies":[{"embeddable":true,"href":"https:\/\/wirzuzweit.de\/blog\/wp-json\/wp\/v2\/comments?post=881"}],"version-history":[{"count":4,"href":"https:\/\/wirzuzweit.de\/blog\/wp-json\/wp\/v2\/posts\/881\/revisions"}],"predecessor-version":[{"id":1073,"href":"https:\/\/wirzuzweit.de\/blog\/wp-json\/wp\/v2\/posts\/881\/revisions\/1073"}],"wp:featuredmedia":[{"embeddable":true,"href":"https:\/\/wirzuzweit.de\/blog\/wp-json\/wp\/v2\/media\/947"}],"wp:attachment":[{"href":"https:\/\/wirzuzweit.de\/blog\/wp-json\/wp\/v2\/media?parent=881"}],"wp:term":[{"taxonomy":"category","embeddable":true,"href":"https:\/\/wirzuzweit.de\/blog\/wp-json\/wp\/v2\/categories?post=881"},{"taxonomy":"post_tag","embeddable":true,"href":"https:\/\/wirzuzweit.de\/blog\/wp-json\/wp\/v2\/tags?post=881"}],"curies":[{"name":"wp","href":"https:\/\/api.w.org\/{rel}","templated":true}]}}