{"id":822,"date":"2015-11-02T18:53:56","date_gmt":"2015-11-02T16:53:56","guid":{"rendered":"http:\/\/wirzuzweit.de\/blog\/?p=822"},"modified":"2017-08-14T16:16:31","modified_gmt":"2017-08-14T14:16:31","slug":"1-november-rheinhafen-im-nebel","status":"publish","type":"post","link":"https:\/\/wirzuzweit.de\/blog\/822_1-november-rheinhafen-im-nebel","title":{"rendered":"1. November &#8211; Rheinhafen im Nebel"},"content":{"rendered":"<p>1. November &#8211; Allerheiligen. Dieser Tag braucht f\u00fcr mich keine Sonne. Allerheiligen hei\u00dft f\u00fcr mich am liebsten den ganzen Tag auf der Couch verbringen, Kerzen an und dazu Tee.<\/p>\n<p>Die Wettervorhersage sagte f\u00fcr gestern aber Sonne an, also nahmen wir uns vor, am Turmberg zu fahren &#8211; vor Sonnenuntergang &#8211; und von dort oben den Sonnenuntergang \u00fcber Karlsruhe anzuschauen. <!--more--><\/p>\n<p>Was aber machen, wenn die Sonne den Wetterbericht scheinbar noch nicht gesehen hat und sich deshalb im dichten Nebel verbarg und man aber trotzdem Lust hatte, nochmal raus zu gehen? Genau, man f\u00e4hrt zum Rheinhafen! Da st\u00f6rt der Nebel gar nicht &#8211; im Gegenteil. Die Atmosph\u00e4re wirkt dadurch ja irgendwie authentischer und so ein bisschen Vorfreude auf Amrum kam auch auf, als die MS Karlsruhe von einer Ausflugsfahrt zur\u00fcckkam. Auch wenn wir auf Amrum bisher meist besseres Wetter hatten, die MS Karlsruhe keine F\u00e4hre ist und der Rhein nicht wirklich viel mit der Nordsee gemeinsam hat \ud83d\ude42<\/p>\n<p>Rheinhafen im Nebel<\/p>\n<p><a href=\"https:\/\/wirzuzweit.de\/blog\/wordpress\/wp-content\/uploads\/2015\/11\/IMG_0657-e1447356366308.jpg\"><img loading=\"lazy\" decoding=\"async\" class=\"aligncenter wp-image-834 size-large\" src=\"https:\/\/wirzuzweit.de\/blog\/wordpress\/wp-content\/uploads\/2015\/11\/IMG_0657-1024x768.jpg\" alt=\"Rheinhafen im Nebel\" width=\"584\" height=\"438\" \/><\/a> <a href=\"https:\/\/wirzuzweit.de\/blog\/wordpress\/wp-content\/uploads\/2015\/11\/IMG_0692-e1447356387232.jpg\"><img loading=\"lazy\" decoding=\"async\" class=\"aligncenter wp-image-829 size-large\" src=\"https:\/\/wirzuzweit.de\/blog\/wordpress\/wp-content\/uploads\/2015\/11\/IMG_0692-768x1024.jpg\" alt=\"Rheinhafen im Nebel\" width=\"584\" height=\"779\" \/><\/a> <a href=\"https:\/\/wirzuzweit.de\/blog\/wordpress\/wp-content\/uploads\/2015\/11\/IMG_0654-e1447356416425.jpg\"><img loading=\"lazy\" decoding=\"async\" class=\"aligncenter wp-image-831 size-large\" src=\"https:\/\/wirzuzweit.de\/blog\/wordpress\/wp-content\/uploads\/2015\/11\/IMG_0654-1024x768.jpg\" alt=\"Rheinhafen im Nebel\" width=\"584\" height=\"438\" \/><\/a> <a href=\"https:\/\/wirzuzweit.de\/blog\/wordpress\/wp-content\/uploads\/2015\/11\/IMG_0686.jpg\"><img loading=\"lazy\" decoding=\"async\" class=\"aligncenter wp-image-832 size-large\" src=\"https:\/\/wirzuzweit.de\/blog\/wordpress\/wp-content\/uploads\/2015\/11\/IMG_0686-1024x768.jpg\" alt=\"Rheinhafen im Nebel\" width=\"584\" height=\"438\" \/><\/a> <a href=\"https:\/\/wirzuzweit.de\/blog\/wordpress\/wp-content\/uploads\/2015\/11\/IMG_0666-e1447356460153.jpg\"><img loading=\"lazy\" decoding=\"async\" class=\"aligncenter wp-image-825 size-large\" src=\"https:\/\/wirzuzweit.de\/blog\/wordpress\/wp-content\/uploads\/2015\/11\/IMG_0666-1024x768.jpg\" alt=\"Rheinhafen im Nebel\" width=\"584\" height=\"438\" \/><\/a> <a href=\"https:\/\/wirzuzweit.de\/blog\/wordpress\/wp-content\/uploads\/2015\/11\/IMG_0683-e1447356487890.jpg\"><img loading=\"lazy\" decoding=\"async\" class=\"aligncenter wp-image-826 size-large\" src=\"https:\/\/wirzuzweit.de\/blog\/wordpress\/wp-content\/uploads\/2015\/11\/IMG_0683-1024x768.jpg\" alt=\"Rheinhafen im Nebel\" width=\"584\" height=\"438\" \/><\/a><\/p>\n<p>MS Karlsruhe<a href=\"https:\/\/wirzuzweit.de\/blog\/wordpress\/wp-content\/uploads\/2015\/11\/IMG_0702.jpg\"><img loading=\"lazy\" decoding=\"async\" class=\"aligncenter size-large wp-image-833\" src=\"https:\/\/wirzuzweit.de\/blog\/wordpress\/wp-content\/uploads\/2015\/11\/IMG_0702-1024x768.jpg\" alt=\"Rheinhafen im Nebel\" width=\"584\" height=\"438\" srcset=\"https:\/\/wirzuzweit.de\/blog\/wordpress\/wp-content\/uploads\/2015\/11\/IMG_0702.jpg 1024w, https:\/\/wirzuzweit.de\/blog\/wordpress\/wp-content\/uploads\/2015\/11\/IMG_0702-300x225.jpg 300w, https:\/\/wirzuzweit.de\/blog\/wordpress\/wp-content\/uploads\/2015\/11\/IMG_0702-400x300.jpg 400w\" sizes=\"auto, (max-width: 584px) 100vw, 584px\" \/><br \/>\n<\/a><a href=\"https:\/\/wirzuzweit.de\/blog\/wordpress\/wp-content\/uploads\/2015\/11\/IMG_0703-e1447356523859.jpg\"><img loading=\"lazy\" decoding=\"async\" class=\"aligncenter wp-image-830 size-large\" src=\"https:\/\/wirzuzweit.de\/blog\/wordpress\/wp-content\/uploads\/2015\/11\/IMG_0703-1024x768.jpg\" alt=\"Rheinhafen im Nebel\" width=\"584\" height=\"438\" \/><\/a><\/p>\n<p><a href=\"https:\/\/wirzuzweit.de\/blog\/wordpress\/wp-content\/uploads\/2015\/11\/IMG_0712-e1447356592110.jpg\"><img loading=\"lazy\" decoding=\"async\" class=\"aligncenter wp-image-827 size-large\" src=\"https:\/\/wirzuzweit.de\/blog\/wordpress\/wp-content\/uploads\/2015\/11\/IMG_0712-1024x768.jpg\" alt=\"Rheinhafen im Nebel\" width=\"584\" height=\"438\" \/><\/a> <a href=\"https:\/\/wirzuzweit.de\/blog\/wordpress\/wp-content\/uploads\/2015\/11\/IMG_0719-e1447356613554.jpg\"><img loading=\"lazy\" decoding=\"async\" class=\"aligncenter wp-image-824 size-large\" src=\"https:\/\/wirzuzweit.de\/blog\/wordpress\/wp-content\/uploads\/2015\/11\/IMG_0719-1024x768.jpg\" alt=\"Rheinhafen im Nebel\" width=\"584\" height=\"438\" \/><\/a> <a href=\"https:\/\/wirzuzweit.de\/blog\/wordpress\/wp-content\/uploads\/2015\/11\/IMG_0713-e1447356643585.jpg\"><img loading=\"lazy\" decoding=\"async\" class=\"aligncenter wp-image-823 size-large\" src=\"https:\/\/wirzuzweit.de\/blog\/wordpress\/wp-content\/uploads\/2015\/11\/IMG_0713-1024x768.jpg\" alt=\"Rheinhafen im Nebel\" width=\"584\" height=\"438\" \/><\/a><\/p>\n<p>Tsch\u00fc\u00fc\u00fc\u00fch\u00fcs \ud83d\ude42<\/p>\n<p><a href=\"https:\/\/wirzuzweit.de\/blog\/wordpress\/wp-content\/uploads\/2015\/11\/IMG_0685-e1447356676313.jpg\"><img loading=\"lazy\" decoding=\"async\" class=\"aligncenter wp-image-828 size-large\" src=\"https:\/\/wirzuzweit.de\/blog\/wordpress\/wp-content\/uploads\/2015\/11\/IMG_0685-1024x768.jpg\" alt=\"Minions \" width=\"584\" height=\"438\" \/><\/a><\/p>\n","protected":false},"excerpt":{"rendered":"<p>1. November &#8211; Allerheiligen. Dieser Tag braucht f\u00fcr mich keine Sonne. Allerheiligen hei\u00dft f\u00fcr mich am liebsten den ganzen Tag auf der Couch verbringen, Kerzen an und dazu Tee. Die Wettervorhersage sagte f\u00fcr gestern aber Sonne an, also nahmen wir &hellip; <a href=\"https:\/\/wirzuzweit.de\/blog\/822_1-november-rheinhafen-im-nebel\">Weiterlesen <span class=\"meta-nav\">&rarr;<\/span><\/a><\/p>\n","protected":false},"author":3,"featured_media":834,"comment_status":"open","ping_status":"open","sticky":false,"template":"","format":"standard","meta":{"footnotes":""},"categories":[4,7],"tags":[77,166,164,135],"class_list":["post-822","post","type-post","status-publish","format-standard","has-post-thumbnail","hentry","category-reisefieber","category-wir-zu-zweit","tag-karlsruhe","tag-nebel","tag-november","tag-rheinhafen"],"_links":{"self":[{"href":"https:\/\/wirzuzweit.de\/blog\/wp-json\/wp\/v2\/posts\/822","targetHints":{"allow":["GET"]}}],"collection":[{"href":"https:\/\/wirzuzweit.de\/blog\/wp-json\/wp\/v2\/posts"}],"about":[{"href":"https:\/\/wirzuzweit.de\/blog\/wp-json\/wp\/v2\/types\/post"}],"author":[{"embeddable":true,"href":"https:\/\/wirzuzweit.de\/blog\/wp-json\/wp\/v2\/users\/3"}],"replies":[{"embeddable":true,"href":"https:\/\/wirzuzweit.de\/blog\/wp-json\/wp\/v2\/comments?post=822"}],"version-history":[{"count":3,"href":"https:\/\/wirzuzweit.de\/blog\/wp-json\/wp\/v2\/posts\/822\/revisions"}],"predecessor-version":[{"id":1081,"href":"https:\/\/wirzuzweit.de\/blog\/wp-json\/wp\/v2\/posts\/822\/revisions\/1081"}],"wp:featuredmedia":[{"embeddable":true,"href":"https:\/\/wirzuzweit.de\/blog\/wp-json\/wp\/v2\/media\/834"}],"wp:attachment":[{"href":"https:\/\/wirzuzweit.de\/blog\/wp-json\/wp\/v2\/media?parent=822"}],"wp:term":[{"taxonomy":"category","embeddable":true,"href":"https:\/\/wirzuzweit.de\/blog\/wp-json\/wp\/v2\/categories?post=822"},{"taxonomy":"post_tag","embeddable":true,"href":"https:\/\/wirzuzweit.de\/blog\/wp-json\/wp\/v2\/tags?post=822"}],"curies":[{"name":"wp","href":"https:\/\/api.w.org\/{rel}","templated":true}]}}