{"id":800,"date":"2015-11-01T10:15:59","date_gmt":"2015-11-01T08:15:59","guid":{"rendered":"http:\/\/wirzuzweit.de\/blog\/?p=800"},"modified":"2017-08-14T16:17:32","modified_gmt":"2017-08-14T14:17:32","slug":"der-lauterberg-im-stadtgarten-karlsruhe","status":"publish","type":"post","link":"https:\/\/wirzuzweit.de\/blog\/800_der-lauterberg-im-stadtgarten-karlsruhe","title":{"rendered":"Der Lauterberg im Stadtgarten Karlsruhe"},"content":{"rendered":"<p>Gestern haben wir euch ja schon ein paar <a href=\"http:\/\/wirzuzweit.de\/blog\/772_ein-ganzes-jahr-im-stadtgarten-karlsruhe-herbstimpressionen\">Bilder<\/a> vom Zoo und Stadtgarten in Karlsruhe gezeigt. Heute gehts mit einigen Bildern weiter. Und zwar vom Lauterberg. Dieser ist mit 153,6 Metern die h\u00f6chste Erhebung in der Kernstadt. Er ist ein k\u00fcnstlich angelegter H\u00fcgel und befindet sich im Stadtgarten. Wie ihr seht, hat der Stadtgarten also noch mehr als den sch\u00f6nen Park und Zoo zu bieten. Auch wenn der Aufstieg etwas steil ist und somit f\u00fcr Rollstuhlfahrer und Menschen mit Rollatoren weniger geeignet ist, lohnt sich der Fu\u00dfweg auf alle F\u00e4lle. Von hier oben hat man einen wunderbaren Blick, auch wenn an dem Tag, als wir oben waren, die Sicht nicht unbedingt die Beste war.<!--more--><\/p>\n<p>&nbsp;<\/p>\n<p>Treppen nach oben<a href=\"https:\/\/wirzuzweit.de\/blog\/wordpress\/wp-content\/uploads\/2015\/11\/IMG_0510-e1447357296188.jpg\"><img loading=\"lazy\" decoding=\"async\" class=\"aligncenter wp-image-810 size-large\" src=\"https:\/\/wirzuzweit.de\/blog\/wordpress\/wp-content\/uploads\/2015\/11\/IMG_0510-1024x768.jpg\" alt=\"Aufstieg zum Lauterberg\" width=\"584\" height=\"438\" \/><\/a><\/p>\n<p>Unterhalb der Aussichtsplattform<a href=\"https:\/\/wirzuzweit.de\/blog\/wordpress\/wp-content\/uploads\/2015\/11\/IMG_0509-e1447357317224.jpg\"><img loading=\"lazy\" decoding=\"async\" class=\"aligncenter wp-image-808 size-large\" src=\"https:\/\/wirzuzweit.de\/blog\/wordpress\/wp-content\/uploads\/2015\/11\/IMG_0509-1024x768.jpg\" alt=\"Unterhalb der Aussichtsplattform \" width=\"584\" height=\"438\" \/><\/a><\/p>\n<p>Blick von oben<\/p>\n<p><a href=\"https:\/\/wirzuzweit.de\/blog\/wordpress\/wp-content\/uploads\/2015\/11\/IMG_0495-e1447357348151.jpg\"><img loading=\"lazy\" decoding=\"async\" class=\"aligncenter wp-image-807 size-large\" src=\"https:\/\/wirzuzweit.de\/blog\/wordpress\/wp-content\/uploads\/2015\/11\/IMG_0495-1024x768.jpg\" alt=\"Lauterberg im Herbst\" width=\"584\" height=\"438\" \/><\/a><\/p>\n<p><a href=\"https:\/\/wirzuzweit.de\/blog\/wordpress\/wp-content\/uploads\/2015\/11\/IMG_0503-e1447357369200.jpg\"><img loading=\"lazy\" decoding=\"async\" class=\"aligncenter wp-image-803 size-large\" src=\"https:\/\/wirzuzweit.de\/blog\/wordpress\/wp-content\/uploads\/2015\/11\/IMG_0503-1024x768.jpg\" alt=\"Herbstblick\" width=\"584\" height=\"438\" \/><\/a><\/p>\n<p>Fernsehturm in Gr\u00fcnwettersbach<a href=\"https:\/\/wirzuzweit.de\/blog\/wordpress\/wp-content\/uploads\/2015\/11\/IMG_0493-e1447357405773.jpg\"><img loading=\"lazy\" decoding=\"async\" class=\"aligncenter wp-image-805 size-large\" src=\"https:\/\/wirzuzweit.de\/blog\/wordpress\/wp-content\/uploads\/2015\/11\/IMG_0493-1024x768.jpg\" alt=\"Blick auf den Fernsehturm\" width=\"584\" height=\"438\" \/><\/a><\/p>\n<p>&nbsp;<\/p>\n<p>Durlach Turmberg<a href=\"https:\/\/wirzuzweit.de\/blog\/wordpress\/wp-content\/uploads\/2015\/11\/IMG_0500-e1447357431200.jpg\"><img loading=\"lazy\" decoding=\"async\" class=\"aligncenter wp-image-802 size-large\" src=\"https:\/\/wirzuzweit.de\/blog\/wordpress\/wp-content\/uploads\/2015\/11\/IMG_0500-1024x768.jpg\" alt=\"Blick auf den Turmberg in Durlach\" width=\"584\" height=\"438\" \/><\/a><\/p>\n<p>Ettlinger Tor und Schlossturm<\/p>\n<p><a href=\"https:\/\/wirzuzweit.de\/blog\/wordpress\/wp-content\/uploads\/2015\/11\/IMG_0504-e1447357458906.jpg\"><img loading=\"lazy\" decoding=\"async\" class=\"aligncenter wp-image-806 size-large\" src=\"https:\/\/wirzuzweit.de\/blog\/wordpress\/wp-content\/uploads\/2015\/11\/IMG_0504-1024x768.jpg\" alt=\"Blick zum Schlossturm und Ettlinger Tor\" width=\"584\" height=\"438\" \/><\/a><\/p>\n<p><a href=\"https:\/\/wirzuzweit.de\/blog\/wordpress\/wp-content\/uploads\/2015\/11\/IMG_0487-e1447357483284.jpg\"><img loading=\"lazy\" decoding=\"async\" class=\"aligncenter wp-image-804 size-large\" src=\"https:\/\/wirzuzweit.de\/blog\/wordpress\/wp-content\/uploads\/2015\/11\/IMG_0487-1024x768.jpg\" alt=\"Blick auf Karlsruhe\" width=\"584\" height=\"438\" \/><\/a><\/p>\n<p><a href=\"https:\/\/wirzuzweit.de\/blog\/wordpress\/wp-content\/uploads\/2015\/11\/IMG_0499-e1447357507284.jpg\"><img loading=\"lazy\" decoding=\"async\" class=\"aligncenter wp-image-801 size-large\" src=\"https:\/\/wirzuzweit.de\/blog\/wordpress\/wp-content\/uploads\/2015\/11\/IMG_0499-1024x768.jpg\" alt=\"H\u00e4user und Bahnschienen\" width=\"584\" height=\"438\" \/><\/a><a href=\"https:\/\/wirzuzweit.de\/blog\/wordpress\/wp-content\/uploads\/2015\/11\/IMG_0497-e1447357534341.jpg\"><img loading=\"lazy\" decoding=\"async\" class=\"aligncenter wp-image-809 size-large\" src=\"https:\/\/wirzuzweit.de\/blog\/wordpress\/wp-content\/uploads\/2015\/11\/IMG_0497-1024x768.jpg\" alt=\"Blick auf Karlsruhe\" width=\"584\" height=\"438\" \/><\/a><\/p>\n","protected":false},"excerpt":{"rendered":"<p>Gestern haben wir euch ja schon ein paar Bilder vom Zoo und Stadtgarten in Karlsruhe gezeigt. Heute gehts mit einigen Bildern weiter. Und zwar vom Lauterberg. Dieser ist mit 153,6 Metern die h\u00f6chste Erhebung in der Kernstadt. Er ist ein &hellip; <a href=\"https:\/\/wirzuzweit.de\/blog\/800_der-lauterberg-im-stadtgarten-karlsruhe\">Weiterlesen <span class=\"meta-nav\">&rarr;<\/span><\/a><\/p>\n","protected":false},"author":3,"featured_media":809,"comment_status":"open","ping_status":"open","sticky":false,"template":"","format":"standard","meta":{"footnotes":""},"categories":[4,7],"tags":[163,158,77,162,156,157],"class_list":["post-800","post","type-post","status-publish","format-standard","has-post-thumbnail","hentry","category-reisefieber","category-wir-zu-zweit","tag-durlach","tag-herbst","tag-karlsruhe","tag-lauterberg","tag-stadtgarten","tag-zoo"],"_links":{"self":[{"href":"https:\/\/wirzuzweit.de\/blog\/wp-json\/wp\/v2\/posts\/800","targetHints":{"allow":["GET"]}}],"collection":[{"href":"https:\/\/wirzuzweit.de\/blog\/wp-json\/wp\/v2\/posts"}],"about":[{"href":"https:\/\/wirzuzweit.de\/blog\/wp-json\/wp\/v2\/types\/post"}],"author":[{"embeddable":true,"href":"https:\/\/wirzuzweit.de\/blog\/wp-json\/wp\/v2\/users\/3"}],"replies":[{"embeddable":true,"href":"https:\/\/wirzuzweit.de\/blog\/wp-json\/wp\/v2\/comments?post=800"}],"version-history":[{"count":3,"href":"https:\/\/wirzuzweit.de\/blog\/wp-json\/wp\/v2\/posts\/800\/revisions"}],"predecessor-version":[{"id":1083,"href":"https:\/\/wirzuzweit.de\/blog\/wp-json\/wp\/v2\/posts\/800\/revisions\/1083"}],"wp:featuredmedia":[{"embeddable":true,"href":"https:\/\/wirzuzweit.de\/blog\/wp-json\/wp\/v2\/media\/809"}],"wp:attachment":[{"href":"https:\/\/wirzuzweit.de\/blog\/wp-json\/wp\/v2\/media?parent=800"}],"wp:term":[{"taxonomy":"category","embeddable":true,"href":"https:\/\/wirzuzweit.de\/blog\/wp-json\/wp\/v2\/categories?post=800"},{"taxonomy":"post_tag","embeddable":true,"href":"https:\/\/wirzuzweit.de\/blog\/wp-json\/wp\/v2\/tags?post=800"}],"curies":[{"name":"wp","href":"https:\/\/api.w.org\/{rel}","templated":true}]}}