{"id":555,"date":"2014-03-03T10:23:45","date_gmt":"2014-03-03T08:23:45","guid":{"rendered":"http:\/\/wirzuzweit.de\/blog\/?p=555"},"modified":"2014-06-24T07:49:25","modified_gmt":"2014-06-24T05:49:25","slug":"wuerfelrallye-01-03-2014-gruenwinkel-albufer","status":"publish","type":"post","link":"https:\/\/wirzuzweit.de\/blog\/555_wuerfelrallye-01-03-2014-gruenwinkel-albufer","title":{"rendered":"W\u00fcrfelrallye &#8211; 01.03.2014 &#8211; Gr\u00fcnwinkel Albufer"},"content":{"rendered":"<p>Die gestrige W\u00fcrfelrallye f\u00fchrte uns nach Gr\u00fcnwinkel.<\/p>\n<p>Eigentlich stimmt das nicht, gestern haben wir unsere Starthaltestelle gar nicht ausw\u00fcrfelt, sondern haben unserer Spazierweg an der Stelle fortgesetzt, an dem wir ihn <a title=\"Link zur W\u00fcrfelrallye vom 23.02.2014\" href=\"http:\/\/wirzuzweit.de\/blog\/537_wuerfelrallye-23-02-2014-entenfang-ii\">am Sonntag<\/a> zuvor beendet hatten.<\/p>\n<p>Wir sind also mit der Linie 5 zum Konzerthaus gefahren und dann nach etwas Wartezeit, die wir zum Schlendern am Kongresszentrum genutzt haben, in die Linie 6 umgestiegen und bis zur Haltestelle Eckenerstra\u00dfe in Stadtteil Gr\u00fcnwinkel gefahren.<\/p>\n<p>Von hier aus sind wir dann die Eckenerstra\u00dfe bis zur Alb gegangen und haben den Spaziergang von letzter Woche bei wieder einmal sonnigem Wetter fortgesetzt.<\/p>\n<p>Zun\u00e4chst kamen wir am Thomaswehr vorbei, an dem Wasser von der Alb f\u00fcr die Stromerzeugung an das Wasserkraftwerk der ehemaligen Appenm\u00fchle abgezweigt wird.<\/p>\n<p><a href=\"https:\/\/wirzuzweit.de\/blog\/wordpress\/wp-content\/uploads\/2014\/03\/IMG_5413.jpg\"><img loading=\"lazy\" decoding=\"async\" class=\"aligncenter size-large wp-image-556\" src=\"https:\/\/wirzuzweit.de\/blog\/wordpress\/wp-content\/uploads\/2014\/03\/IMG_5413-768x1024.jpg\" alt=\"IMG_5413\" width=\"584\" height=\"778\" srcset=\"https:\/\/wirzuzweit.de\/blog\/wordpress\/wp-content\/uploads\/2014\/03\/IMG_5413-768x1024.jpg 768w, https:\/\/wirzuzweit.de\/blog\/wordpress\/wp-content\/uploads\/2014\/03\/IMG_5413-225x300.jpg 225w, https:\/\/wirzuzweit.de\/blog\/wordpress\/wp-content\/uploads\/2014\/03\/IMG_5413.jpg 1024w\" sizes=\"auto, (max-width: 584px) 100vw, 584px\" \/><\/a><\/p>\n<p><a href=\"https:\/\/wirzuzweit.de\/blog\/wordpress\/wp-content\/uploads\/2014\/03\/IMG_5416.jpg\"><img loading=\"lazy\" decoding=\"async\" class=\"aligncenter size-large wp-image-558\" src=\"https:\/\/wirzuzweit.de\/blog\/wordpress\/wp-content\/uploads\/2014\/03\/IMG_5416-760x1024.jpg\" alt=\"IMG_5416\" width=\"584\" height=\"786\" srcset=\"https:\/\/wirzuzweit.de\/blog\/wordpress\/wp-content\/uploads\/2014\/03\/IMG_5416-760x1024.jpg 760w, https:\/\/wirzuzweit.de\/blog\/wordpress\/wp-content\/uploads\/2014\/03\/IMG_5416-222x300.jpg 222w, https:\/\/wirzuzweit.de\/blog\/wordpress\/wp-content\/uploads\/2014\/03\/IMG_5416.jpg 1024w\" sizes=\"auto, (max-width: 584px) 100vw, 584px\" \/><\/a><\/p>\n<p>Weiter albw\u00e4rts von sich M\u00fchlgraben und Alb wieder verbinden konnten wir auf einer Br\u00fccke stehend noch folgendes Bild festhalten:<\/p>\n<p><a href=\"https:\/\/wirzuzweit.de\/blog\/wordpress\/wp-content\/uploads\/2014\/03\/IMG_5419.jpg\"><img loading=\"lazy\" decoding=\"async\" class=\"aligncenter size-large wp-image-561\" src=\"https:\/\/wirzuzweit.de\/blog\/wordpress\/wp-content\/uploads\/2014\/03\/IMG_5419-769x1024.jpg\" alt=\"IMG_5419\" width=\"584\" height=\"777\" srcset=\"https:\/\/wirzuzweit.de\/blog\/wordpress\/wp-content\/uploads\/2014\/03\/IMG_5419-769x1024.jpg 769w, https:\/\/wirzuzweit.de\/blog\/wordpress\/wp-content\/uploads\/2014\/03\/IMG_5419-225x300.jpg 225w, https:\/\/wirzuzweit.de\/blog\/wordpress\/wp-content\/uploads\/2014\/03\/IMG_5419.jpg 1024w\" sizes=\"auto, (max-width: 584px) 100vw, 584px\" \/><\/a><\/p>\n<p>Anschlie\u00dfend ging es weiter die Alb entlang bis zur Daxlander Stra\u00dfe und wir verl\u00e4ngerten unseren Weg auf der Strecke der W\u00fcrfelrallye vom <a title=\"Link zur W\u00fcrfelrallye vom 09.02.2014\" href=\"http:\/\/wirzuzweit.de\/blog\/520_wuerfelrallye-09-02-2014-stadtwerke-bis-rheinhafen\">9. Februar diesen Jahres<\/a>. Ganz so matschig war der Weg zwar nicht mehr, dennoch stellenweise sehr glitschig.<\/p>\n<p>Letztendlich kamen wir dann am Rheinhafen an und konnten noch einmal ein sch\u00f6nes Bild der &#8222;Holzklasse&#8220; unserer Linie 5 in prallem Sonnenschein aufnehmen und sind dann ein allerletztes Mal mit einem dieser alten Wagen der Linie 5 bis heim nach Rintheim gefahren.<\/p>\n<p><a href=\"https:\/\/wirzuzweit.de\/blog\/wordpress\/wp-content\/uploads\/2014\/03\/IMG_5422.jpg\"><img loading=\"lazy\" decoding=\"async\" class=\"aligncenter size-large wp-image-563\" src=\"https:\/\/wirzuzweit.de\/blog\/wordpress\/wp-content\/uploads\/2014\/03\/IMG_5422-1024x765.jpg\" alt=\"IMG_5422\" width=\"584\" height=\"436\" srcset=\"https:\/\/wirzuzweit.de\/blog\/wordpress\/wp-content\/uploads\/2014\/03\/IMG_5422.jpg 1024w, https:\/\/wirzuzweit.de\/blog\/wordpress\/wp-content\/uploads\/2014\/03\/IMG_5422-300x224.jpg 300w, https:\/\/wirzuzweit.de\/blog\/wordpress\/wp-content\/uploads\/2014\/03\/IMG_5422-401x300.jpg 401w\" sizes=\"auto, (max-width: 584px) 100vw, 584px\" \/><\/a><\/p>\n<p><a href=\"https:\/\/wirzuzweit.de\/blog\/wordpress\/wp-content\/uploads\/2014\/03\/IMG_5423.jpg\"><img loading=\"lazy\" decoding=\"async\" class=\"aligncenter size-large wp-image-564\" src=\"https:\/\/wirzuzweit.de\/blog\/wordpress\/wp-content\/uploads\/2014\/03\/IMG_5423-768x1024.jpg\" alt=\"IMG_5423\" width=\"584\" height=\"778\" srcset=\"https:\/\/wirzuzweit.de\/blog\/wordpress\/wp-content\/uploads\/2014\/03\/IMG_5423-768x1024.jpg 768w, https:\/\/wirzuzweit.de\/blog\/wordpress\/wp-content\/uploads\/2014\/03\/IMG_5423-225x300.jpg 225w, https:\/\/wirzuzweit.de\/blog\/wordpress\/wp-content\/uploads\/2014\/03\/IMG_5423.jpg 1024w\" sizes=\"auto, (max-width: 584px) 100vw, 584px\" \/><\/a><\/p>\n","protected":false},"excerpt":{"rendered":"<p>Die gestrige W\u00fcrfelrallye f\u00fchrte uns nach Gr\u00fcnwinkel. Eigentlich stimmt das nicht, gestern haben wir unsere Starthaltestelle gar nicht ausw\u00fcrfelt, sondern haben unserer Spazierweg an der Stelle fortgesetzt, an dem wir ihn am Sonntag zuvor beendet hatten. Wir sind also mit &hellip; <a href=\"https:\/\/wirzuzweit.de\/blog\/555_wuerfelrallye-01-03-2014-gruenwinkel-albufer\">Weiterlesen <span class=\"meta-nav\">&rarr;<\/span><\/a><\/p>\n","protected":false},"author":4,"featured_media":560,"comment_status":"open","ping_status":"open","sticky":false,"template":"","format":"standard","meta":{"footnotes":""},"categories":[7],"tags":[134,133,135,125,124],"class_list":["post-555","post","type-post","status-publish","format-standard","has-post-thumbnail","hentry","category-wir-zu-zweit","tag-alb","tag-gruenwinkel","tag-rheinhafen","tag-spaziergang","tag-wuerfelrallye"],"_links":{"self":[{"href":"https:\/\/wirzuzweit.de\/blog\/wp-json\/wp\/v2\/posts\/555","targetHints":{"allow":["GET"]}}],"collection":[{"href":"https:\/\/wirzuzweit.de\/blog\/wp-json\/wp\/v2\/posts"}],"about":[{"href":"https:\/\/wirzuzweit.de\/blog\/wp-json\/wp\/v2\/types\/post"}],"author":[{"embeddable":true,"href":"https:\/\/wirzuzweit.de\/blog\/wp-json\/wp\/v2\/users\/4"}],"replies":[{"embeddable":true,"href":"https:\/\/wirzuzweit.de\/blog\/wp-json\/wp\/v2\/comments?post=555"}],"version-history":[{"count":3,"href":"https:\/\/wirzuzweit.de\/blog\/wp-json\/wp\/v2\/posts\/555\/revisions"}],"predecessor-version":[{"id":633,"href":"https:\/\/wirzuzweit.de\/blog\/wp-json\/wp\/v2\/posts\/555\/revisions\/633"}],"wp:featuredmedia":[{"embeddable":true,"href":"https:\/\/wirzuzweit.de\/blog\/wp-json\/wp\/v2\/media\/560"}],"wp:attachment":[{"href":"https:\/\/wirzuzweit.de\/blog\/wp-json\/wp\/v2\/media?parent=555"}],"wp:term":[{"taxonomy":"category","embeddable":true,"href":"https:\/\/wirzuzweit.de\/blog\/wp-json\/wp\/v2\/categories?post=555"},{"taxonomy":"post_tag","embeddable":true,"href":"https:\/\/wirzuzweit.de\/blog\/wp-json\/wp\/v2\/tags?post=555"}],"curies":[{"name":"wp","href":"https:\/\/api.w.org\/{rel}","templated":true}]}}