{"id":537,"date":"2014-02-23T17:00:47","date_gmt":"2014-02-23T15:00:47","guid":{"rendered":"http:\/\/wirzuzweit.de\/blog\/?p=537"},"modified":"2014-06-24T07:50:35","modified_gmt":"2014-06-24T05:50:35","slug":"wuerfelrallye-23-02-2014-entenfang-ii","status":"publish","type":"post","link":"https:\/\/wirzuzweit.de\/blog\/537_wuerfelrallye-23-02-2014-entenfang-ii","title":{"rendered":"W\u00fcrfelrallye &#8211; 23.02.2014 &#8211; Entenfang II"},"content":{"rendered":"<p>Die heutige W\u00fcrfelrallye f\u00fchrte uns mit der Linie S2 vom Hirtenweg aus zum&#8230; Entenfang.<\/p>\n<p>Entenfang? Moment, da waren wir doch bereits bei unserer <a href=\"http:\/\/wirzuzweit.de\/blog\/492_wuerfelrallye-durch-karlsruhe-05-01-2014\">ersten W\u00fcrfelrallye<\/a> Anfang Januar. Aber was soll&#8217;s: <em>\u201eAleae iacta sunt!\u201d<\/em> (korrekterweise <em>\u201e<\/em>Die<em> W\u00fcrfel <\/em>sind<em> gefallen!<\/em>)<\/p>\n<p>Bei der damaligen W\u00fcrfelrallye sind wir albaufw\u00e4rts spaziert, so dass wir uns entschlossen, diesmal in die andere Richtung zu gehen.<\/p>\n<p>Dank des sonnigen Wetters und des teilweise strahlend blauen Himmel konnten wir wieder einige Eindr\u00fccke fotografisch festhalten.<\/p>\n<p><a href=\"https:\/\/wirzuzweit.de\/blog\/wordpress\/wp-content\/uploads\/2014\/02\/IMG_5360.jpg\"><img loading=\"lazy\" decoding=\"async\" class=\"aligncenter size-large wp-image-542\" src=\"https:\/\/wirzuzweit.de\/blog\/wordpress\/wp-content\/uploads\/2014\/02\/IMG_5360-768x1024.jpg\" alt=\"IMG_5360\" width=\"584\" height=\"778\" srcset=\"https:\/\/wirzuzweit.de\/blog\/wordpress\/wp-content\/uploads\/2014\/02\/IMG_5360-768x1024.jpg 768w, https:\/\/wirzuzweit.de\/blog\/wordpress\/wp-content\/uploads\/2014\/02\/IMG_5360-225x300.jpg 225w, https:\/\/wirzuzweit.de\/blog\/wordpress\/wp-content\/uploads\/2014\/02\/IMG_5360.jpg 1024w\" sizes=\"auto, (max-width: 584px) 100vw, 584px\" \/><\/a><\/p>\n<p><a href=\"https:\/\/wirzuzweit.de\/blog\/wordpress\/wp-content\/uploads\/2014\/02\/IMG_5361.jpg\"><img loading=\"lazy\" decoding=\"async\" class=\"aligncenter size-large wp-image-543\" src=\"https:\/\/wirzuzweit.de\/blog\/wordpress\/wp-content\/uploads\/2014\/02\/IMG_5361-773x1024.jpg\" alt=\"IMG_5361\" width=\"584\" height=\"773\" srcset=\"https:\/\/wirzuzweit.de\/blog\/wordpress\/wp-content\/uploads\/2014\/02\/IMG_5361-773x1024.jpg 773w, https:\/\/wirzuzweit.de\/blog\/wordpress\/wp-content\/uploads\/2014\/02\/IMG_5361-226x300.jpg 226w, https:\/\/wirzuzweit.de\/blog\/wordpress\/wp-content\/uploads\/2014\/02\/IMG_5361.jpg 1024w\" sizes=\"auto, (max-width: 584px) 100vw, 584px\" \/><\/a><\/p>\n<p><a href=\"https:\/\/wirzuzweit.de\/blog\/wordpress\/wp-content\/uploads\/2014\/02\/IMG_5363.jpg\"><img loading=\"lazy\" decoding=\"async\" class=\"aligncenter size-large wp-image-546\" src=\"https:\/\/wirzuzweit.de\/blog\/wordpress\/wp-content\/uploads\/2014\/02\/IMG_5363-770x1024.jpg\" alt=\"IMG_5363\" width=\"584\" height=\"776\" srcset=\"https:\/\/wirzuzweit.de\/blog\/wordpress\/wp-content\/uploads\/2014\/02\/IMG_5363-770x1024.jpg 770w, https:\/\/wirzuzweit.de\/blog\/wordpress\/wp-content\/uploads\/2014\/02\/IMG_5363-225x300.jpg 225w, https:\/\/wirzuzweit.de\/blog\/wordpress\/wp-content\/uploads\/2014\/02\/IMG_5363.jpg 1024w\" sizes=\"auto, (max-width: 584px) 100vw, 584px\" \/><\/a><\/p>\n<p><a href=\"https:\/\/wirzuzweit.de\/blog\/wordpress\/wp-content\/uploads\/2014\/02\/Albkapelle-e1393167099275.jpg\"><img loading=\"lazy\" decoding=\"async\" class=\"aligncenter size-large wp-image-545\" src=\"https:\/\/wirzuzweit.de\/blog\/wordpress\/wp-content\/uploads\/2014\/02\/Albkapelle-e1393167099275-768x1024.jpg\" alt=\"Albkapelle\" width=\"584\" height=\"778\" srcset=\"https:\/\/wirzuzweit.de\/blog\/wordpress\/wp-content\/uploads\/2014\/02\/Albkapelle-e1393167099275-768x1024.jpg 768w, https:\/\/wirzuzweit.de\/blog\/wordpress\/wp-content\/uploads\/2014\/02\/Albkapelle-e1393167099275-225x300.jpg 225w\" sizes=\"auto, (max-width: 584px) 100vw, 584px\" \/><\/a><\/p>\n<p>Auf dem R\u00fcckweg, den wir mit der Linie 6 angetreten haben, sind wir noch einmal am Konzerthaus ausgestiegen und haben auch dort beim Warten auf die Line 5 noch einige Bilder gemacht.<\/p>\n<p><a href=\"https:\/\/wirzuzweit.de\/blog\/wordpress\/wp-content\/uploads\/2014\/02\/IMG_5368.jpg\"><img loading=\"lazy\" decoding=\"async\" class=\"aligncenter size-large wp-image-547\" src=\"https:\/\/wirzuzweit.de\/blog\/wordpress\/wp-content\/uploads\/2014\/02\/IMG_5368-771x1024.jpg\" alt=\"IMG_5368\" width=\"584\" height=\"775\" srcset=\"https:\/\/wirzuzweit.de\/blog\/wordpress\/wp-content\/uploads\/2014\/02\/IMG_5368-771x1024.jpg 771w, https:\/\/wirzuzweit.de\/blog\/wordpress\/wp-content\/uploads\/2014\/02\/IMG_5368-226x300.jpg 226w, https:\/\/wirzuzweit.de\/blog\/wordpress\/wp-content\/uploads\/2014\/02\/IMG_5368.jpg 1024w\" sizes=\"auto, (max-width: 584px) 100vw, 584px\" \/><\/a><\/p>\n<p><a href=\"https:\/\/wirzuzweit.de\/blog\/wordpress\/wp-content\/uploads\/2014\/02\/IMG_5366.jpg\"><img loading=\"lazy\" decoding=\"async\" class=\"aligncenter size-large wp-image-544\" src=\"https:\/\/wirzuzweit.de\/blog\/wordpress\/wp-content\/uploads\/2014\/02\/IMG_5366-768x1024.jpg\" alt=\"IMG_5366\" width=\"584\" height=\"778\" srcset=\"https:\/\/wirzuzweit.de\/blog\/wordpress\/wp-content\/uploads\/2014\/02\/IMG_5366-768x1024.jpg 768w, https:\/\/wirzuzweit.de\/blog\/wordpress\/wp-content\/uploads\/2014\/02\/IMG_5366-225x300.jpg 225w, https:\/\/wirzuzweit.de\/blog\/wordpress\/wp-content\/uploads\/2014\/02\/IMG_5366.jpg 1024w\" sizes=\"auto, (max-width: 584px) 100vw, 584px\" \/><\/a><\/p>\n<p>So das war es dann f\u00fcr dieses Wochenende. Mal schauen wo es bei der n\u00e4chsten W\u00fcrfelrallye hingeht.<\/p>\n","protected":false},"excerpt":{"rendered":"<p>Die heutige W\u00fcrfelrallye f\u00fchrte uns mit der Linie S2 vom Hirtenweg aus zum&#8230; Entenfang. Entenfang? Moment, da waren wir doch bereits bei unserer ersten W\u00fcrfelrallye Anfang Januar. Aber was soll&#8217;s: \u201eAleae iacta sunt!\u201d (korrekterweise \u201eDie W\u00fcrfel sind gefallen!) Bei der &hellip; <a href=\"https:\/\/wirzuzweit.de\/blog\/537_wuerfelrallye-23-02-2014-entenfang-ii\">Weiterlesen <span class=\"meta-nav\">&rarr;<\/span><\/a><\/p>\n","protected":false},"author":4,"featured_media":542,"comment_status":"open","ping_status":"open","sticky":false,"template":"","format":"standard","meta":{"footnotes":""},"categories":[7],"tags":[77,125,124],"class_list":["post-537","post","type-post","status-publish","format-standard","has-post-thumbnail","hentry","category-wir-zu-zweit","tag-karlsruhe","tag-spaziergang","tag-wuerfelrallye"],"_links":{"self":[{"href":"https:\/\/wirzuzweit.de\/blog\/wp-json\/wp\/v2\/posts\/537","targetHints":{"allow":["GET"]}}],"collection":[{"href":"https:\/\/wirzuzweit.de\/blog\/wp-json\/wp\/v2\/posts"}],"about":[{"href":"https:\/\/wirzuzweit.de\/blog\/wp-json\/wp\/v2\/types\/post"}],"author":[{"embeddable":true,"href":"https:\/\/wirzuzweit.de\/blog\/wp-json\/wp\/v2\/users\/4"}],"replies":[{"embeddable":true,"href":"https:\/\/wirzuzweit.de\/blog\/wp-json\/wp\/v2\/comments?post=537"}],"version-history":[{"count":3,"href":"https:\/\/wirzuzweit.de\/blog\/wp-json\/wp\/v2\/posts\/537\/revisions"}],"predecessor-version":[{"id":634,"href":"https:\/\/wirzuzweit.de\/blog\/wp-json\/wp\/v2\/posts\/537\/revisions\/634"}],"wp:featuredmedia":[{"embeddable":true,"href":"https:\/\/wirzuzweit.de\/blog\/wp-json\/wp\/v2\/media\/542"}],"wp:attachment":[{"href":"https:\/\/wirzuzweit.de\/blog\/wp-json\/wp\/v2\/media?parent=537"}],"wp:term":[{"taxonomy":"category","embeddable":true,"href":"https:\/\/wirzuzweit.de\/blog\/wp-json\/wp\/v2\/categories?post=537"},{"taxonomy":"post_tag","embeddable":true,"href":"https:\/\/wirzuzweit.de\/blog\/wp-json\/wp\/v2\/tags?post=537"}],"curies":[{"name":"wp","href":"https:\/\/api.w.org\/{rel}","templated":true}]}}