{"id":384,"date":"2013-05-06T18:57:02","date_gmt":"2013-05-06T16:57:02","guid":{"rendered":"http:\/\/wirzuzweit.de\/blog\/?p=384"},"modified":"2013-05-07T09:28:03","modified_gmt":"2013-05-07T07:28:03","slug":"geloest-samsung-led-tv-schaltet-sich-selbstaendig-ein","status":"publish","type":"post","link":"https:\/\/wirzuzweit.de\/blog\/384_geloest-samsung-led-tv-schaltet-sich-selbstaendig-ein","title":{"rendered":"Gel\u00f6st: Samsung LED-TV schaltet sich selbst\u00e4ndig ein"},"content":{"rendered":"<p>Seit ca. einem Jahr sind wir stolzer Besitzer eines Samsung LED-TV mit der Modellbezeichnung UE46ES6890. Da dieser die M\u00f6glichkeit hat \u00fcber die <abbr title=\"Personal Video Recorder\">PVR<\/abbr>-Funktion direkt auf eine externe Festplatte aufzunehmen (sowohl programmiert als auch per TimeShift-Funktion), nutzen wir diese statt eines separaten HDD-Rekorders.<\/p>\n<p>Ein paar Wochen nach unserem Kauf fiel uns auf, dass zun\u00e4chst ab und zu &#8211; aber nicht immer &#8211; w\u00e4hrend bzw. zu Beginn einer geplanten Aufnahme pl\u00f6tzlich der Ton des aktuellen Fernsehprogramms (welches gerade aufgezeichnet wurde\/werden sollte) zu h\u00f6ren war. Das Bild war zu diesem Zeitpunkt schwarz bzw. aus, auch die Power-LED leuchtete rot, genau so als ob das Ger\u00e4t in StandBy st\u00fcnde &#8211; blo\u00df der Ton kam raus.<br \/>\nDr\u00fcckte man in dem Zustand die Ein\/Aus-Taste an der Fernbedienung, ging der Apparat normal an &#8211; mit Bild &#8211; und konnte anschlie\u00dfend auch wieder normal ausgeschaltet werden.<\/p>\n<p>Anfangs trat dieser Effekt ca. 2-3 pro Monat, teilweise auch wochenlang gar nicht auf. In letzter Zeit verst\u00e4rkte sich das Verhalten, m\u00f6glicherweise auch nachdem ich das Ger\u00e4t per Ethernet-Kabel statt per WLAN mit meiner Fritzbox (Cable 6360) verband.<\/p>\n<p>Die Anschalte-Zeiten standen nun auch mit keiner PVR-Programmierung mehr in zeitlichem Zusammenhang und traten nun auch teilweise mitten in der Nacht oder in den fr\u00fchen Morgenstunden auf.<\/p>\n<p>Nachdem es mir dann Anfang April zu bunt wurde, habe ich im Internet nach Hinweisen und L\u00f6sungen gesucht und bin auf den Tipp gesto\u00dfen, dem Ger\u00e4t in den Fritzbox-Einstellung &#8222;immer die gleiche IP-Adresse zuzuweisen&#8220;.<\/p>\n<p>Bei meiner Fritzbox 6360 geht dies \u00fcber <cite><strong>Heimnetz -&gt; Netzwerk<\/strong><\/cite> und beim betroffenen Eintrag den <cite><strong>Bearbeiten<\/strong><\/cite>-Button klicken. Im nachfolgenden Dialog <strong><cite>Details zu xxx<\/cite><\/strong> die Option <strong><cite>Diesem Netzwerkger\u00e4t immer die gleiche IPv4-Adresse zuweisen.<\/cite><\/strong> aktivieren.<\/p>\n<p>Siehe:<br \/>\n<a href=\"https:\/\/wirzuzweit.de\/blog\/wordpress\/wp-content\/uploads\/2013\/05\/menue-fritzbox.jpg\"><img loading=\"lazy\" decoding=\"async\" class=\"wp-image-390 alignnone\" title=\"Men\u00fcnavigation in der Fritzbox\" alt=\"Men\u00fcnavigation in der Fritzbox\" src=\"https:\/\/wirzuzweit.de\/blog\/wordpress\/wp-content\/uploads\/2013\/05\/menue-fritzbox-300x91.jpg\" width=\"300\" height=\"91\" srcset=\"https:\/\/wirzuzweit.de\/blog\/wordpress\/wp-content\/uploads\/2013\/05\/menue-fritzbox-300x91.jpg 300w, https:\/\/wirzuzweit.de\/blog\/wordpress\/wp-content\/uploads\/2013\/05\/menue-fritzbox-500x151.jpg 500w, https:\/\/wirzuzweit.de\/blog\/wordpress\/wp-content\/uploads\/2013\/05\/menue-fritzbox.jpg 1004w\" sizes=\"auto, (max-width: 300px) 100vw, 300px\" \/><\/a><\/p>\n<p>und<\/p>\n<p><a href=\"https:\/\/wirzuzweit.de\/blog\/wordpress\/wp-content\/uploads\/2013\/05\/option-details.jpg\"><img loading=\"lazy\" decoding=\"async\" class=\"alignnone size-medium wp-image-391\" title=\"Detail Optionen\" alt=\"Detail Optionen\" src=\"https:\/\/wirzuzweit.de\/blog\/wordpress\/wp-content\/uploads\/2013\/05\/option-details-300x93.jpg\" width=\"300\" height=\"93\" srcset=\"https:\/\/wirzuzweit.de\/blog\/wordpress\/wp-content\/uploads\/2013\/05\/option-details-300x93.jpg 300w, https:\/\/wirzuzweit.de\/blog\/wordpress\/wp-content\/uploads\/2013\/05\/option-details-500x156.jpg 500w, https:\/\/wirzuzweit.de\/blog\/wordpress\/wp-content\/uploads\/2013\/05\/option-details.jpg 689w\" sizes=\"auto, (max-width: 300px) 100vw, 300px\" \/><\/a><\/p>\n<p>Seit dieser \u00c4nderung &#8211; sie ist nun ca. 4 Wochen her &#8211; hat sich der Fernseher nicht mehr selbst angeschaltet.<\/p>\n","protected":false},"excerpt":{"rendered":"<p>Seit ca. einem Jahr sind wir stolzer Besitzer eines Samsung LED-TV mit der Modellbezeichnung UE46ES6890. Da dieser die M\u00f6glichkeit hat \u00fcber die PVR-Funktion direkt auf eine externe Festplatte aufzunehmen (sowohl programmiert als auch per TimeShift-Funktion), nutzen wir diese statt eines &hellip; <a href=\"https:\/\/wirzuzweit.de\/blog\/384_geloest-samsung-led-tv-schaltet-sich-selbstaendig-ein\">Weiterlesen <span class=\"meta-nav\">&rarr;<\/span><\/a><\/p>\n","protected":false},"author":4,"featured_media":0,"comment_status":"open","ping_status":"open","sticky":false,"template":"","format":"standard","meta":{"footnotes":""},"categories":[32],"tags":[107,108,106,105],"class_list":["post-384","post","type-post","status-publish","format-standard","hentry","category-technikgedoehns","tag-led-tv","tag-loesung","tag-problem","tag-samsung"],"_links":{"self":[{"href":"https:\/\/wirzuzweit.de\/blog\/wp-json\/wp\/v2\/posts\/384","targetHints":{"allow":["GET"]}}],"collection":[{"href":"https:\/\/wirzuzweit.de\/blog\/wp-json\/wp\/v2\/posts"}],"about":[{"href":"https:\/\/wirzuzweit.de\/blog\/wp-json\/wp\/v2\/types\/post"}],"author":[{"embeddable":true,"href":"https:\/\/wirzuzweit.de\/blog\/wp-json\/wp\/v2\/users\/4"}],"replies":[{"embeddable":true,"href":"https:\/\/wirzuzweit.de\/blog\/wp-json\/wp\/v2\/comments?post=384"}],"version-history":[{"count":3,"href":"https:\/\/wirzuzweit.de\/blog\/wp-json\/wp\/v2\/posts\/384\/revisions"}],"predecessor-version":[{"id":397,"href":"https:\/\/wirzuzweit.de\/blog\/wp-json\/wp\/v2\/posts\/384\/revisions\/397"}],"wp:attachment":[{"href":"https:\/\/wirzuzweit.de\/blog\/wp-json\/wp\/v2\/media?parent=384"}],"wp:term":[{"taxonomy":"category","embeddable":true,"href":"https:\/\/wirzuzweit.de\/blog\/wp-json\/wp\/v2\/categories?post=384"},{"taxonomy":"post_tag","embeddable":true,"href":"https:\/\/wirzuzweit.de\/blog\/wp-json\/wp\/v2\/tags?post=384"}],"curies":[{"name":"wp","href":"https:\/\/api.w.org\/{rel}","templated":true}]}}