{"id":253,"date":"2013-01-31T18:14:13","date_gmt":"2013-01-31T16:14:13","guid":{"rendered":"http:\/\/wirzuzweit.de\/blog\/?p=253"},"modified":"2013-02-05T17:19:45","modified_gmt":"2013-02-05T15:19:45","slug":"der-augensammler-u-der-augenjaeger","status":"publish","type":"post","link":"https:\/\/wirzuzweit.de\/blog\/253_der-augensammler-u-der-augenjaeger","title":{"rendered":"Der Augensammler u. Der Augenj\u00e4ger"},"content":{"rendered":"<p>Habt ihr Lust etwas spanendes zu lesen? Dann kann ich euch 2 B\u00fccher von Sebastian Fitzek empfehlen. <a href=\"http:\/\/www.amazon.de\/dp\/3426503751\/ref=nosim?tag=duemic-21\" title=\"Link zu Amazon: Sebastian Fitzek - Der Augensammler\">Der Augensammler<\/a> und <a href=\"http:\/\/www.amazon.de\/dp\/3426503735\/ref=nosim?tag=duemic-21\" title=\"Link zu Amazon: Sebastian Fitzek - Der Augenj\u00e4ger\">&#8222;Der Augenj\u00e4ger&#8220;<\/a>.<\/p>\n<p>Lest bitte erst den Augensammler und danach den Augenj\u00e4ger. Man kann zwar auch beide v\u00f6llig unabh\u00e4ngig voneinander lesen, aber richtig spannend und Sinn ergebend wird es erst, wenn man beide in der richtigen Reihenfolge liest. <\/p>\n<p>Ich pers\u00f6nlich fand den Augenj\u00e4ger noch einen Tick spannender. Und immer wieder habe ich mir das Foto im Einband von Sebastian Fitzek angeschaut und mich gefragt, woher hat ein so brav aussehender Schwiegermutterliebling eine so kranke Fantasie? \ud83d\ude09 <\/p>\n<p><a href=\"https:\/\/wirzuzweit.de\/blog\/wordpress\/wp-content\/uploads\/2013\/02\/20130201-152740.jpg\"><img decoding=\"async\" src=\"https:\/\/wirzuzweit.de\/blog\/wordpress\/wp-content\/uploads\/2013\/02\/20130201-152740.jpg\" alt=\"20130201-152740.jpg\" class=\"alignnone size-full\" \/><\/a><\/p>\n<p><a href=\"https:\/\/wirzuzweit.de\/blog\/wordpress\/wp-content\/uploads\/2013\/02\/20130201-152749.jpg\"><img decoding=\"async\" src=\"https:\/\/wirzuzweit.de\/blog\/wordpress\/wp-content\/uploads\/2013\/02\/20130201-152749.jpg\" alt=\"20130201-152749.jpg\" class=\"alignnone size-full\" \/><\/a><\/p>\n","protected":false},"excerpt":{"rendered":"<p>Habt ihr Lust etwas spanendes zu lesen? Dann kann ich euch 2 B\u00fccher von Sebastian Fitzek empfehlen. Der Augensammler und &#8222;Der Augenj\u00e4ger&#8220;. Lest bitte erst den Augensammler und danach den Augenj\u00e4ger. Man kann zwar auch beide v\u00f6llig unabh\u00e4ngig voneinander lesen, &hellip; <a href=\"https:\/\/wirzuzweit.de\/blog\/253_der-augensammler-u-der-augenjaeger\">Weiterlesen <span class=\"meta-nav\">&rarr;<\/span><\/a><\/p>\n","protected":false},"author":3,"featured_media":0,"comment_status":"open","ping_status":"open","sticky":false,"template":"","format":"standard","meta":{"footnotes":""},"categories":[60],"tags":[59,58],"class_list":["post-253","post","type-post","status-publish","format-standard","hentry","category-lesefieber","tag-buch","tag-lesen"],"_links":{"self":[{"href":"https:\/\/wirzuzweit.de\/blog\/wp-json\/wp\/v2\/posts\/253","targetHints":{"allow":["GET"]}}],"collection":[{"href":"https:\/\/wirzuzweit.de\/blog\/wp-json\/wp\/v2\/posts"}],"about":[{"href":"https:\/\/wirzuzweit.de\/blog\/wp-json\/wp\/v2\/types\/post"}],"author":[{"embeddable":true,"href":"https:\/\/wirzuzweit.de\/blog\/wp-json\/wp\/v2\/users\/3"}],"replies":[{"embeddable":true,"href":"https:\/\/wirzuzweit.de\/blog\/wp-json\/wp\/v2\/comments?post=253"}],"version-history":[{"count":3,"href":"https:\/\/wirzuzweit.de\/blog\/wp-json\/wp\/v2\/posts\/253\/revisions"}],"predecessor-version":[{"id":268,"href":"https:\/\/wirzuzweit.de\/blog\/wp-json\/wp\/v2\/posts\/253\/revisions\/268"}],"wp:attachment":[{"href":"https:\/\/wirzuzweit.de\/blog\/wp-json\/wp\/v2\/media?parent=253"}],"wp:term":[{"taxonomy":"category","embeddable":true,"href":"https:\/\/wirzuzweit.de\/blog\/wp-json\/wp\/v2\/categories?post=253"},{"taxonomy":"post_tag","embeddable":true,"href":"https:\/\/wirzuzweit.de\/blog\/wp-json\/wp\/v2\/tags?post=253"}],"curies":[{"name":"wp","href":"https:\/\/api.w.org\/{rel}","templated":true}]}}