{"id":1024,"date":"2017-08-10T15:25:04","date_gmt":"2017-08-10T13:25:04","guid":{"rendered":"https:\/\/wirzuzweit.de\/blog\/?p=1024"},"modified":"2017-08-14T16:11:10","modified_gmt":"2017-08-14T14:11:10","slug":"der-schwarzwaldbahnerlebnispfad-teil-2","status":"publish","type":"post","link":"https:\/\/wirzuzweit.de\/blog\/1024_der-schwarzwaldbahnerlebnispfad-teil-2","title":{"rendered":"Der Schwarzwaldbahnerlebnispfad &#8211; Teil 2"},"content":{"rendered":"<p>\u00dcber 3 Jahre ist es nun her, dass wir den <a href=\"https:\/\/wirzuzweit.de\/blog\/609_der-schwarzwaldbahn-erlebnispfad\" target=\"_blank\" rel=\"noopener\">Schwarzwaldbahnerlebnispfad Teil 1 <\/a>gewandert sind.<br \/>\nUnd vor fast 2 Wochen haben wir es nun endlich geschafft, auch den anderen Teil abzulaufen. \u00dcber 12 km insgesamt. Ein Weg, der f\u00fcr Menschen, die nicht unbedingt wandererprobt sind, schon etwas beschwerlich sein kann. Aber wenn man gut zu Fu\u00df ist und auch gerne l\u00e4uft ist diese Strecke einfach wunderbar.<\/p>\n<p><!--more--><\/p>\n<p>Ich werde jetzt auch gar nicht mehr viel zu diesem Wanderpfad erz\u00e4hlen, schaut mal lieber <a href=\"http:\/\/www.schwarzwaldbahn-erlebnispfad.de\/index.php?id=302\" target=\"_blank\" rel=\"noopener\">hier<\/a> vorbei. Da findet ihr auch einige Infos, unter anderem wie man zu laufen hat.<\/p>\n<p>Ein paar Impressionen gebe ich euch aber gerne mit auf dem Weg.<\/p>\n<p>Zuerst vom ersten Teil, den 6,5 km langen unteren Erlebnisweg.<\/p>\n\n\t\t<style type=\"text\/css\">\n\t\t\t#gallery-1 {\n\t\t\t\tmargin: auto;\n\t\t\t}\n\t\t\t#gallery-1 .gallery-item {\n\t\t\t\tfloat: left;\n\t\t\t\tmargin-top: 10px;\n\t\t\t\ttext-align: center;\n\t\t\t\twidth: 25%;\n\t\t\t}\n\t\t\t#gallery-1 img {\n\t\t\t\tborder: 2px solid #cfcfcf;\n\t\t\t}\n\t\t\t#gallery-1 .gallery-caption {\n\t\t\t\tmargin-left: 0;\n\t\t\t}\n\t\t\t\/* see gallery_shortcode() in wp-includes\/media.php *\/\n\t\t<\/style>\n\t\t<div id='gallery-1' class='gallery galleryid-1024 gallery-columns-4 gallery-size-medium'><dl class='gallery-item'>\n\t\t\t<dt class='gallery-icon portrait'>\n\t\t\t\t<a href='https:\/\/wirzuzweit.de\/blog\/1024_der-schwarzwaldbahnerlebnispfad-teil-2\/img_0005'><img loading=\"lazy\" decoding=\"async\" width=\"225\" height=\"300\" src=\"https:\/\/wirzuzweit.de\/blog\/wordpress\/wp-content\/uploads\/2017\/08\/IMG_0005-225x300.jpg\" class=\"attachment-medium size-medium\" alt=\"\" srcset=\"https:\/\/wirzuzweit.de\/blog\/wordpress\/wp-content\/uploads\/2017\/08\/IMG_0005-225x300.jpg 225w, https:\/\/wirzuzweit.de\/blog\/wordpress\/wp-content\/uploads\/2017\/08\/IMG_0005-768x1024.jpg 768w, https:\/\/wirzuzweit.de\/blog\/wordpress\/wp-content\/uploads\/2017\/08\/IMG_0005-e1502368270610.jpg 1024w\" sizes=\"auto, (max-width: 225px) 100vw, 225px\" \/><\/a>\n\t\t\t<\/dt><\/dl><dl class='gallery-item'>\n\t\t\t<dt class='gallery-icon portrait'>\n\t\t\t\t<a href='https:\/\/wirzuzweit.de\/blog\/1024_der-schwarzwaldbahnerlebnispfad-teil-2\/img_0007-2'><img loading=\"lazy\" decoding=\"async\" width=\"225\" height=\"300\" src=\"https:\/\/wirzuzweit.de\/blog\/wordpress\/wp-content\/uploads\/2017\/08\/IMG_0007-225x300.jpg\" class=\"attachment-medium size-medium\" alt=\"\" srcset=\"https:\/\/wirzuzweit.de\/blog\/wordpress\/wp-content\/uploads\/2017\/08\/IMG_0007-225x300.jpg 225w, https:\/\/wirzuzweit.de\/blog\/wordpress\/wp-content\/uploads\/2017\/08\/IMG_0007-768x1024.jpg 768w, https:\/\/wirzuzweit.de\/blog\/wordpress\/wp-content\/uploads\/2017\/08\/IMG_0007-e1502368299971.jpg 1024w\" sizes=\"auto, (max-width: 225px) 100vw, 225px\" \/><\/a>\n\t\t\t<\/dt><\/dl><dl class='gallery-item'>\n\t\t\t<dt class='gallery-icon portrait'>\n\t\t\t\t<a href='https:\/\/wirzuzweit.de\/blog\/1024_der-schwarzwaldbahnerlebnispfad-teil-2\/img_0008'><img loading=\"lazy\" decoding=\"async\" width=\"225\" height=\"300\" src=\"https:\/\/wirzuzweit.de\/blog\/wordpress\/wp-content\/uploads\/2017\/08\/IMG_0008-225x300.jpg\" class=\"attachment-medium size-medium\" alt=\"\" srcset=\"https:\/\/wirzuzweit.de\/blog\/wordpress\/wp-content\/uploads\/2017\/08\/IMG_0008-225x300.jpg 225w, https:\/\/wirzuzweit.de\/blog\/wordpress\/wp-content\/uploads\/2017\/08\/IMG_0008-768x1024.jpg 768w, https:\/\/wirzuzweit.de\/blog\/wordpress\/wp-content\/uploads\/2017\/08\/IMG_0008-e1502717656870.jpg 900w\" sizes=\"auto, (max-width: 225px) 100vw, 225px\" \/><\/a>\n\t\t\t<\/dt><\/dl><dl class='gallery-item'>\n\t\t\t<dt class='gallery-icon portrait'>\n\t\t\t\t<a href='https:\/\/wirzuzweit.de\/blog\/1024_der-schwarzwaldbahnerlebnispfad-teil-2\/img_0023'><img loading=\"lazy\" decoding=\"async\" width=\"225\" height=\"300\" src=\"https:\/\/wirzuzweit.de\/blog\/wordpress\/wp-content\/uploads\/2017\/08\/IMG_0023-225x300.jpg\" class=\"attachment-medium size-medium\" alt=\"\" srcset=\"https:\/\/wirzuzweit.de\/blog\/wordpress\/wp-content\/uploads\/2017\/08\/IMG_0023-225x300.jpg 225w, https:\/\/wirzuzweit.de\/blog\/wordpress\/wp-content\/uploads\/2017\/08\/IMG_0023-768x1024.jpg 768w, https:\/\/wirzuzweit.de\/blog\/wordpress\/wp-content\/uploads\/2017\/08\/IMG_0023-e1502368353769.jpg 1024w\" sizes=\"auto, (max-width: 225px) 100vw, 225px\" \/><\/a>\n\t\t\t<\/dt><\/dl><br style=\"clear: both\" \/><dl class='gallery-item'>\n\t\t\t<dt class='gallery-icon landscape'>\n\t\t\t\t<a href='https:\/\/wirzuzweit.de\/blog\/1024_der-schwarzwaldbahnerlebnispfad-teil-2\/img_0012'><img loading=\"lazy\" decoding=\"async\" width=\"300\" height=\"225\" src=\"https:\/\/wirzuzweit.de\/blog\/wordpress\/wp-content\/uploads\/2017\/08\/IMG_0012-300x225.jpg\" class=\"attachment-medium size-medium\" alt=\"\" srcset=\"https:\/\/wirzuzweit.de\/blog\/wordpress\/wp-content\/uploads\/2017\/08\/IMG_0012-300x225.jpg 300w, https:\/\/wirzuzweit.de\/blog\/wordpress\/wp-content\/uploads\/2017\/08\/IMG_0012-768x576.jpg 768w, https:\/\/wirzuzweit.de\/blog\/wordpress\/wp-content\/uploads\/2017\/08\/IMG_0012-e1502368319907.jpg 1024w, https:\/\/wirzuzweit.de\/blog\/wordpress\/wp-content\/uploads\/2017\/08\/IMG_0012-400x300.jpg 400w\" sizes=\"auto, (max-width: 300px) 100vw, 300px\" \/><\/a>\n\t\t\t<\/dt><\/dl><dl class='gallery-item'>\n\t\t\t<dt class='gallery-icon landscape'>\n\t\t\t\t<a href='https:\/\/wirzuzweit.de\/blog\/1024_der-schwarzwaldbahnerlebnispfad-teil-2\/img_0020'><img loading=\"lazy\" decoding=\"async\" width=\"300\" height=\"225\" src=\"https:\/\/wirzuzweit.de\/blog\/wordpress\/wp-content\/uploads\/2017\/08\/IMG_0020-300x225.jpg\" class=\"attachment-medium size-medium\" alt=\"\" srcset=\"https:\/\/wirzuzweit.de\/blog\/wordpress\/wp-content\/uploads\/2017\/08\/IMG_0020-300x225.jpg 300w, https:\/\/wirzuzweit.de\/blog\/wordpress\/wp-content\/uploads\/2017\/08\/IMG_0020-768x576.jpg 768w, https:\/\/wirzuzweit.de\/blog\/wordpress\/wp-content\/uploads\/2017\/08\/IMG_0020-e1502368335342.jpg 1024w, https:\/\/wirzuzweit.de\/blog\/wordpress\/wp-content\/uploads\/2017\/08\/IMG_0020-400x300.jpg 400w\" sizes=\"auto, (max-width: 300px) 100vw, 300px\" \/><\/a>\n\t\t\t<\/dt><\/dl><dl class='gallery-item'>\n\t\t\t<dt class='gallery-icon landscape'>\n\t\t\t\t<a href='https:\/\/wirzuzweit.de\/blog\/1024_der-schwarzwaldbahnerlebnispfad-teil-2\/img_0024'><img loading=\"lazy\" decoding=\"async\" width=\"300\" height=\"225\" src=\"https:\/\/wirzuzweit.de\/blog\/wordpress\/wp-content\/uploads\/2017\/08\/IMG_0024-300x225.jpg\" class=\"attachment-medium size-medium\" alt=\"\" srcset=\"https:\/\/wirzuzweit.de\/blog\/wordpress\/wp-content\/uploads\/2017\/08\/IMG_0024-300x225.jpg 300w, https:\/\/wirzuzweit.de\/blog\/wordpress\/wp-content\/uploads\/2017\/08\/IMG_0024-768x576.jpg 768w, https:\/\/wirzuzweit.de\/blog\/wordpress\/wp-content\/uploads\/2017\/08\/IMG_0024-e1502368372473.jpg 1024w, https:\/\/wirzuzweit.de\/blog\/wordpress\/wp-content\/uploads\/2017\/08\/IMG_0024-400x300.jpg 400w\" sizes=\"auto, (max-width: 300px) 100vw, 300px\" \/><\/a>\n\t\t\t<\/dt><\/dl><dl class='gallery-item'>\n\t\t\t<dt class='gallery-icon landscape'>\n\t\t\t\t<a href='https:\/\/wirzuzweit.de\/blog\/1024_der-schwarzwaldbahnerlebnispfad-teil-2\/img_0030'><img loading=\"lazy\" decoding=\"async\" width=\"300\" height=\"225\" src=\"https:\/\/wirzuzweit.de\/blog\/wordpress\/wp-content\/uploads\/2017\/08\/IMG_0030-300x225.jpg\" class=\"attachment-medium size-medium\" alt=\"\" srcset=\"https:\/\/wirzuzweit.de\/blog\/wordpress\/wp-content\/uploads\/2017\/08\/IMG_0030-300x225.jpg 300w, https:\/\/wirzuzweit.de\/blog\/wordpress\/wp-content\/uploads\/2017\/08\/IMG_0030-768x576.jpg 768w, https:\/\/wirzuzweit.de\/blog\/wordpress\/wp-content\/uploads\/2017\/08\/IMG_0030-e1502368429959.jpg 1024w, https:\/\/wirzuzweit.de\/blog\/wordpress\/wp-content\/uploads\/2017\/08\/IMG_0030-400x300.jpg 400w\" sizes=\"auto, (max-width: 300px) 100vw, 300px\" \/><\/a>\n\t\t\t<\/dt><\/dl><br style=\"clear: both\" \/><dl class='gallery-item'>\n\t\t\t<dt class='gallery-icon landscape'>\n\t\t\t\t<a href='https:\/\/wirzuzweit.de\/blog\/1024_der-schwarzwaldbahnerlebnispfad-teil-2\/img_0029'><img loading=\"lazy\" decoding=\"async\" width=\"300\" height=\"225\" src=\"https:\/\/wirzuzweit.de\/blog\/wordpress\/wp-content\/uploads\/2017\/08\/IMG_0029-300x225.jpg\" class=\"attachment-medium size-medium\" alt=\"\" srcset=\"https:\/\/wirzuzweit.de\/blog\/wordpress\/wp-content\/uploads\/2017\/08\/IMG_0029-300x225.jpg 300w, https:\/\/wirzuzweit.de\/blog\/wordpress\/wp-content\/uploads\/2017\/08\/IMG_0029-768x576.jpg 768w, https:\/\/wirzuzweit.de\/blog\/wordpress\/wp-content\/uploads\/2017\/08\/IMG_0029-e1502368409271.jpg 1024w, https:\/\/wirzuzweit.de\/blog\/wordpress\/wp-content\/uploads\/2017\/08\/IMG_0029-400x300.jpg 400w\" sizes=\"auto, (max-width: 300px) 100vw, 300px\" \/><\/a>\n\t\t\t<\/dt><\/dl><dl class='gallery-item'>\n\t\t\t<dt class='gallery-icon landscape'>\n\t\t\t\t<a href='https:\/\/wirzuzweit.de\/blog\/1024_der-schwarzwaldbahnerlebnispfad-teil-2\/img_0027'><img loading=\"lazy\" decoding=\"async\" width=\"300\" height=\"225\" src=\"https:\/\/wirzuzweit.de\/blog\/wordpress\/wp-content\/uploads\/2017\/08\/IMG_0027-300x225.jpg\" class=\"attachment-medium size-medium\" alt=\"\" srcset=\"https:\/\/wirzuzweit.de\/blog\/wordpress\/wp-content\/uploads\/2017\/08\/IMG_0027-300x225.jpg 300w, https:\/\/wirzuzweit.de\/blog\/wordpress\/wp-content\/uploads\/2017\/08\/IMG_0027-768x576.jpg 768w, https:\/\/wirzuzweit.de\/blog\/wordpress\/wp-content\/uploads\/2017\/08\/IMG_0027-e1502368390334.jpg 1024w, https:\/\/wirzuzweit.de\/blog\/wordpress\/wp-content\/uploads\/2017\/08\/IMG_0027-400x300.jpg 400w\" sizes=\"auto, (max-width: 300px) 100vw, 300px\" \/><\/a>\n\t\t\t<\/dt><\/dl>\n\t\t\t<br style='clear: both' \/>\n\t\t<\/div>\n\n<p>Nun kommen wir zum zweiten Teil, den 6 km langen oberen Erlebnisweg. Was uns dort in besonderer Erinnerung geblieben ist, ist die Station 10: Hofgeschichten. Nachdem wir ja bis zu dieser Station einiges gelaufen sind und die Sonne mittlerweile ziemlich brannte, wurde man hier von einer sehr liebevollen Geste empfangen. Getr\u00e4nke, die im Brunnen gek\u00fchlt wurden, stehen dort f\u00fcr den Wanderer bereit. Dort befindet sich auch eine kleine Kasse, in die der kleine Betrag f\u00fcr die Getr\u00e4nke gelegt wird. Es gibt Wasser, Apfelschorle, Bier und sogar Schn\u00e4pse. Eine wahnsinnig sch\u00f6ne Idee, wie wir finden. Gerne haben wir uns auch wie viele andere schon vor uns, in dem bereitgelegten Wanderbuch verewigt \ud83d\ude42<\/p>\n<p><a href=\"https:\/\/wirzuzweit.de\/blog\/wordpress\/wp-content\/uploads\/2017\/08\/IMG_0727-e1502369264111.jpg\"><img loading=\"lazy\" decoding=\"async\" class=\"aligncenter wp-image-1040 size-large\" src=\"https:\/\/wirzuzweit.de\/blog\/wordpress\/wp-content\/uploads\/2017\/08\/IMG_0727-1024x768.jpg\" alt=\"\" width=\"584\" height=\"438\" \/><\/a><\/p>\n<p><a href=\"https:\/\/wirzuzweit.de\/blog\/wordpress\/wp-content\/uploads\/2017\/08\/IMG_0730-e1502369404218.jpg\"><img loading=\"lazy\" decoding=\"async\" class=\"aligncenter wp-image-1042 size-large\" src=\"https:\/\/wirzuzweit.de\/blog\/wordpress\/wp-content\/uploads\/2017\/08\/IMG_0730-e1502369394361-768x1024.jpg\" alt=\"\" width=\"584\" height=\"779\" \/><\/a><\/p>\n<p>Gut erfrischt ging es weiter. Unser Rat, den wir euch vor 3 Jahren schon gegeben haben, gilt nach wie vor. Zieht euch gutes Schuhwerk an und passt beim laufen auf, die Wege sind manchmal unwegsam und man doch recht schnell stolpern \ud83d\ude09<br \/>\n<a href=\"https:\/\/wirzuzweit.de\/blog\/wordpress\/wp-content\/uploads\/2017\/08\/IMG_0692-e1502370224806.jpg\"><img loading=\"lazy\" decoding=\"async\" class=\"aligncenter wp-image-1050 size-large\" src=\"https:\/\/wirzuzweit.de\/blog\/wordpress\/wp-content\/uploads\/2017\/08\/IMG_0692-e1502370211756-768x1024.jpg\" alt=\"\" width=\"584\" height=\"779\" \/><\/a><\/p>\n<p>Aber eins steht fest: Ihr werdet einen wundersch\u00f6nen Tag in der Natur haben &#8211; nicht zu vergessen die grandiosen Ausblicke.<\/p>\n<p><a href=\"https:\/\/wirzuzweit.de\/blog\/wordpress\/wp-content\/uploads\/2017\/08\/IMG_0731-e1502371196673.jpg\"><img loading=\"lazy\" decoding=\"async\" class=\"aligncenter wp-image-1052 size-large\" src=\"https:\/\/wirzuzweit.de\/blog\/wordpress\/wp-content\/uploads\/2017\/08\/IMG_0731-e1502371182734-768x1024.jpg\" alt=\"\" width=\"584\" height=\"779\" \/><\/a><a href=\"https:\/\/wirzuzweit.de\/blog\/wordpress\/wp-content\/uploads\/2017\/08\/IMG_0734-e1502371298264.jpg\"><img loading=\"lazy\" decoding=\"async\" class=\"aligncenter wp-image-1055 size-large\" src=\"https:\/\/wirzuzweit.de\/blog\/wordpress\/wp-content\/uploads\/2017\/08\/IMG_0734-1024x768.jpg\" alt=\"\" width=\"584\" height=\"438\" \/><\/a><br \/>\n<a href=\"https:\/\/wirzuzweit.de\/blog\/wordpress\/wp-content\/uploads\/2017\/08\/IMG_0740-e1502371338301.jpg\"><img loading=\"lazy\" decoding=\"async\" class=\"aligncenter wp-image-1058 size-large\" src=\"https:\/\/wirzuzweit.de\/blog\/wordpress\/wp-content\/uploads\/2017\/08\/IMG_0740-e1502371330934-768x1024.jpg\" alt=\"\" width=\"584\" height=\"779\" \/><\/a><br \/>\n<a href=\"https:\/\/wirzuzweit.de\/blog\/wordpress\/wp-content\/uploads\/2017\/08\/IMG_0742-e1502371367517.jpg\"><img loading=\"lazy\" decoding=\"async\" class=\"aligncenter wp-image-1059 size-large\" src=\"https:\/\/wirzuzweit.de\/blog\/wordpress\/wp-content\/uploads\/2017\/08\/IMG_0742-1024x768.jpg\" alt=\"\" width=\"584\" height=\"438\" \/><\/a><\/p>\n","protected":false},"excerpt":{"rendered":"<p>\u00dcber 3 Jahre ist es nun her, dass wir den Schwarzwaldbahnerlebnispfad Teil 1 gewandert sind. Und vor fast 2 Wochen haben wir es nun endlich geschafft, auch den anderen Teil abzulaufen. \u00dcber 12 km insgesamt. Ein Weg, der f\u00fcr Menschen, &hellip; <a href=\"https:\/\/wirzuzweit.de\/blog\/1024_der-schwarzwaldbahnerlebnispfad-teil-2\">Weiterlesen <span class=\"meta-nav\">&rarr;<\/span><\/a><\/p>\n","protected":false},"author":3,"featured_media":1060,"comment_status":"open","ping_status":"open","sticky":false,"template":"","format":"standard","meta":{"footnotes":""},"categories":[4,7],"tags":[137,139,140,88,9],"class_list":["post-1024","post","type-post","status-publish","format-standard","has-post-thumbnail","hentry","category-reisefieber","category-wir-zu-zweit","tag-schwarzwald","tag-schwarzwaldbahn","tag-triberg","tag-unterwegs","tag-wirzuzweit"],"_links":{"self":[{"href":"https:\/\/wirzuzweit.de\/blog\/wp-json\/wp\/v2\/posts\/1024","targetHints":{"allow":["GET"]}}],"collection":[{"href":"https:\/\/wirzuzweit.de\/blog\/wp-json\/wp\/v2\/posts"}],"about":[{"href":"https:\/\/wirzuzweit.de\/blog\/wp-json\/wp\/v2\/types\/post"}],"author":[{"embeddable":true,"href":"https:\/\/wirzuzweit.de\/blog\/wp-json\/wp\/v2\/users\/3"}],"replies":[{"embeddable":true,"href":"https:\/\/wirzuzweit.de\/blog\/wp-json\/wp\/v2\/comments?post=1024"}],"version-history":[{"count":3,"href":"https:\/\/wirzuzweit.de\/blog\/wp-json\/wp\/v2\/posts\/1024\/revisions"}],"predecessor-version":[{"id":1068,"href":"https:\/\/wirzuzweit.de\/blog\/wp-json\/wp\/v2\/posts\/1024\/revisions\/1068"}],"wp:featuredmedia":[{"embeddable":true,"href":"https:\/\/wirzuzweit.de\/blog\/wp-json\/wp\/v2\/media\/1060"}],"wp:attachment":[{"href":"https:\/\/wirzuzweit.de\/blog\/wp-json\/wp\/v2\/media?parent=1024"}],"wp:term":[{"taxonomy":"category","embeddable":true,"href":"https:\/\/wirzuzweit.de\/blog\/wp-json\/wp\/v2\/categories?post=1024"},{"taxonomy":"post_tag","embeddable":true,"href":"https:\/\/wirzuzweit.de\/blog\/wp-json\/wp\/v2\/tags?post=1024"}],"curies":[{"name":"wp","href":"https:\/\/api.w.org\/{rel}","templated":true}]}}